{"id":9179,"date":"2019-04-04T10:42:26","date_gmt":"2019-04-04T08:42:26","guid":{"rendered":"https:\/\/www.radanskaruza.rs\/poklon-radanske-ruze-zenama-koje-su-se-porodile-u-poslednjem-kvartalu-2018-godine\/"},"modified":"2021-03-11T11:04:11","modified_gmt":"2021-03-11T10:04:11","slug":"poklon-radanske-ruze-zenama-koje-su-se-porodile-u-poslednjem-kvartalu-2018-godine","status":"publish","type":"post","link":"https:\/\/www.radanskaruza.rs\/en\/poklon-radanske-ruze-zenama-koje-su-se-porodile-u-poslednjem-kvartalu-2018-godine\/","title":{"rendered":"Poklon Radanske ru\u017ee \u017eenama koje su se porodile u poslednjem kvartalu 2018. godine"},"content":{"rendered":"<p>LEBANE \u2013 Povodom sve\u010danog zavr\u0161etka javnih radova u Lebanu, u prostorijama Socijalnog udru\u017eenja Radanska Ru\u017ea, lebanske porodilje dobile su na poklon paket proizvoda Socijalnog preduze\u0107a Radanska RU\u017dA i pamu\u010dne pelene koje su ura\u0111ene u radionici udru\u017eenja. Vrednost pojedina\u010dnog paketa je oko 3.500 dinara, a ukupna vrednost svih paketa je oko 180.000 dinara.<\/p>\n<p>Javni radovi sprovo\u0111eni su u toku septembra, oktobra i novembra meseca pro\u0161le godine, u saradnji sa:\u00a0Nacionalnom slu\u017ebom za zapo\u0161ljavanje iz Leskovca\u00a0i\u00a0op\u0161tinom Lebane, koji su finansirali ovaj projekat,\u00a0Udru\u017eenjem \u017eena RU\u017dA\u00a0i\u00a0Socijalnim preduze\u0107em Radanska ru\u017ea, koji su realizatori projekta.<\/p>\n<p>Socijalno preduze\u0107e Radanska RU\u017dA doo Lebane i Udru\u017eenje \u017eena Ru\u017ea Lebane, povodom zavr\u0161etka Javnih radova koje je finansirala Nacionalna slu\u017eba za zapo\u0161ljavanje i op\u0161tina Lebane ukazuje na zna\u010daj ove akcije. Tokom javnih radova zaposlene su dve \u017eene sa invaliditetom kao i dve \u017eene iz kategorije te\u017ee zapo\u0161ljivih grupa stanovni\u0161tva. Ukupna vrednost zavnih radova bila je 360.000 dinara.<\/p>\n<p>Op\u0161tina Lebane, u cilju promovisanja populacione politike, nataliteta i pomo\u0107i i podr\u0161ke roditeljima i deci, dodeljuje besplatne u\u017eine u osnovnim \u0161kolama za tre\u0107e i svako naredno dete, besplatan prevoz za \u0111ake, besplatan vrti\u0107 za tre\u0107e i svako naredno dete, besplatne \u010dasove baleta pri Domu kulture za tre\u0107e dete, besplatnu \u010dlanarinu u lebanskoj biblioteci.<\/p>\n<p>\u201eU drgoj polovini aprila meseca porodiljama \u0107e biti ispla\u0107ena nov\u010dana pomo\u0107 u iznosu od po 20 hiljada dinara i poklon paket za novoro\u0111en\u010dad. Napomenula bih i da \u0107e uskoro biti realizovan projekat Udru\u017eenja Pokret za decu pod nazivom Tri plus, koji majkama sa troje i vi\u0161e dece omogu\u0107uje razne popuste i pogodnosti, kako \u0161irom Srbije, tako i kod nas na lokalu. U narednom periodu poziva\u0107emo majke sa troje i vi\u0161e dece na potpisivanje saglasnosti za izdavanje kartice Tri plus\u201e \u2013 kazala je Nata\u0161a Stojanovi\u0107, pomo\u0107nik predsednika op\u0161tine Lebane.<\/p>\n<p>Izvor: infocentarjug.rs<\/p>\n<div id=\"envira-gallery-wrap-9223\" class=\"envira-gallery-wrap envira-gallery-theme-base envira-lightbox-theme-base\" itemscope itemtype=\"https:\/\/schema.org\/ImageGallery\"><div data-row-height=\"\" data-gallery-theme=\"\" id=\"envira-gallery-9223\" class=\"envira-gallery-public  envira-gallery-3-columns envira-clear enviratope envira-gallery-css-animations\" data-envira-columns=\"3\"><div id=\"envira-gallery-item-9192\" class=\"envira-gallery-item enviratope-item envira-gallery-item-1 envira-lazy-load\" style=\"padding-left: 5px; padding-bottom: 10px; padding-right: 5px;\"  itemscope itemtype=\"https:\/\/schema.org\/ImageObject\"><div class=\"envira-gallery-item-inner\"><div class=\"envira-gallery-position-overlay  envira-gallery-top-left\"><\/div><div class=\"envira-gallery-position-overlay  envira-gallery-top-right\"><\/div><div class=\"envira-gallery-position-overlay  envira-gallery-bottom-left\"><\/div><div class=\"envira-gallery-position-overlay  envira-gallery-bottom-right\"><\/div><a href=\"https:\/\/www.radanskaruza.rs\/wp-content\/uploads\/2019\/04\/DSCN6676.jpg\" class=\"envira-gallery-9223 envira-gallery-link\" rel=\"enviragallery9223\" title=\"Poklon Radanske ru\u017ee \u017eenama koje su se porodile u poslednjem kvartalu 2018. godine\" data-envira-caption=\"Poklon Radanske ru\u017ee \u017eenama koje su se porodile u poslednjem kvartalu 2018. godine\" data-envira-retina=\"\" data-thumbnail=\"\"  itemprop=\"contentUrl\"><div class=\"envira-lazy\" data-test-width=\"640\" data-test-height=\"480\" style=\"padding-bottom:75%;\"><img decoding=\"async\" id=\"envira-gallery-image-9192\" class=\"envira-gallery-image envira-gallery-image-1\" data-envira-index=\"1\" src=\"https:\/\/www.radanskaruza.rs\/wp-content\/uploads\/2019\/04\/DSCN6676-640x480.jpg\" data-envira-src=\"https:\/\/www.radanskaruza.rs\/wp-content\/uploads\/2019\/04\/DSCN6676-640x480.jpg\" data-envira-gallery-id=\"9223\" data-envira-item-id=\"9192\" data-envira-caption=\"Poklon Radanske ru\u017ee \u017eenama koje su se porodile u poslednjem kvartalu 2018. godine\" alt=\"\" title=\"Poklon Radanske ru\u017ee \u017eenama koje su se porodile u poslednjem kvartalu 2018. godine\"  itemprop=\"thumbnailUrl\" data-envira-srcset=\"https:\/\/www.radanskaruza.rs\/wp-content\/uploads\/2019\/04\/DSCN6676-640x480.jpg 400w,https:\/\/www.radanskaruza.rs\/wp-content\/uploads\/2019\/04\/DSCN6676-640x480.jpg 2x\" srcset=\"data:image\/gif;base64,R0lGODlhAQABAIAAAP\/\/\/\/\/\/\/yH5BAEKAAEALAAAAAABAAEAAAICTAEAOw==\" \/><\/div><\/a><\/div><\/div><div id=\"envira-gallery-item-9190\" class=\"envira-gallery-item enviratope-item envira-gallery-item-2 envira-lazy-load\" style=\"padding-left: 5px; padding-bottom: 10px; padding-right: 5px;\"  itemscope itemtype=\"https:\/\/schema.org\/ImageObject\"><div class=\"envira-gallery-item-inner\"><div class=\"envira-gallery-position-overlay  envira-gallery-top-left\"><\/div><div class=\"envira-gallery-position-overlay  envira-gallery-top-right\"><\/div><div class=\"envira-gallery-position-overlay  envira-gallery-bottom-left\"><\/div><div class=\"envira-gallery-position-overlay  envira-gallery-bottom-right\"><\/div><a href=\"https:\/\/www.radanskaruza.rs\/wp-content\/uploads\/2019\/04\/DSCN6674.jpg\" class=\"envira-gallery-9223 envira-gallery-link\" rel=\"enviragallery9223\" title=\"Poklon Radanske ru\u017ee \u017eenama koje su se porodile u poslednjem kvartalu 2018. godine\" data-envira-caption=\"Poklon Radanske ru\u017ee \u017eenama koje su se porodile u poslednjem kvartalu 2018. godine\" data-envira-retina=\"\" data-thumbnail=\"\"  itemprop=\"contentUrl\"><div class=\"envira-lazy\" data-test-width=\"640\" data-test-height=\"480\" style=\"padding-bottom:75%;\"><img decoding=\"async\" id=\"envira-gallery-image-9190\" class=\"envira-gallery-image envira-gallery-image-2\" data-envira-index=\"2\" src=\"https:\/\/www.radanskaruza.rs\/wp-content\/uploads\/2019\/04\/DSCN6674-640x480.jpg\" data-envira-src=\"https:\/\/www.radanskaruza.rs\/wp-content\/uploads\/2019\/04\/DSCN6674-640x480.jpg\" data-envira-gallery-id=\"9223\" data-envira-item-id=\"9190\" data-envira-caption=\"Poklon Radanske ru\u017ee \u017eenama koje su se porodile u poslednjem kvartalu 2018. godine\" alt=\"\" title=\"Poklon Radanske ru\u017ee \u017eenama koje su se porodile u poslednjem kvartalu 2018. godine\"  itemprop=\"thumbnailUrl\" data-envira-srcset=\"https:\/\/www.radanskaruza.rs\/wp-content\/uploads\/2019\/04\/DSCN6674-640x480.jpg 400w,https:\/\/www.radanskaruza.rs\/wp-content\/uploads\/2019\/04\/DSCN6674-640x480.jpg 2x\" srcset=\"data:image\/gif;base64,R0lGODlhAQABAIAAAP\/\/\/\/\/\/\/yH5BAEKAAEALAAAAAABAAEAAAICTAEAOw==\" \/><\/div><\/a><\/div><\/div><div id=\"envira-gallery-item-9188\" class=\"envira-gallery-item enviratope-item envira-gallery-item-3 envira-lazy-load\" style=\"padding-left: 5px; padding-bottom: 10px; padding-right: 5px;\"  itemscope itemtype=\"https:\/\/schema.org\/ImageObject\"><div class=\"envira-gallery-item-inner\"><div class=\"envira-gallery-position-overlay  envira-gallery-top-left\"><\/div><div class=\"envira-gallery-position-overlay  envira-gallery-top-right\"><\/div><div class=\"envira-gallery-position-overlay  envira-gallery-bottom-left\"><\/div><div class=\"envira-gallery-position-overlay  envira-gallery-bottom-right\"><\/div><a href=\"https:\/\/www.radanskaruza.rs\/wp-content\/uploads\/2019\/04\/DSCN6664.jpg\" class=\"envira-gallery-9223 envira-gallery-link\" rel=\"enviragallery9223\" title=\"Poklon Radanske ru\u017ee \u017eenama koje su se porodile u poslednjem kvartalu 2018. godine\" data-envira-caption=\"Poklon Radanske ru\u017ee \u017eenama koje su se porodile u poslednjem kvartalu 2018. godine\" data-envira-retina=\"\" data-thumbnail=\"\"  itemprop=\"contentUrl\"><div class=\"envira-lazy\" data-test-width=\"640\" data-test-height=\"480\" style=\"padding-bottom:75%;\"><img decoding=\"async\" id=\"envira-gallery-image-9188\" class=\"envira-gallery-image envira-gallery-image-3\" data-envira-index=\"3\" src=\"https:\/\/www.radanskaruza.rs\/wp-content\/uploads\/2019\/04\/DSCN6664-640x480.jpg\" data-envira-src=\"https:\/\/www.radanskaruza.rs\/wp-content\/uploads\/2019\/04\/DSCN6664-640x480.jpg\" data-envira-gallery-id=\"9223\" data-envira-item-id=\"9188\" data-envira-caption=\"Poklon Radanske ru\u017ee \u017eenama koje su se porodile u poslednjem kvartalu 2018. godine\" alt=\"\" title=\"Poklon Radanske ru\u017ee \u017eenama koje su se porodile u poslednjem kvartalu 2018. godine\"  itemprop=\"thumbnailUrl\" data-envira-srcset=\"https:\/\/www.radanskaruza.rs\/wp-content\/uploads\/2019\/04\/DSCN6664-640x480.jpg 400w,https:\/\/www.radanskaruza.rs\/wp-content\/uploads\/2019\/04\/DSCN6664-640x480.jpg 2x\" srcset=\"data:image\/gif;base64,R0lGODlhAQABAIAAAP\/\/\/\/\/\/\/yH5BAEKAAEALAAAAAABAAEAAAICTAEAOw==\" \/><\/div><\/a><\/div><\/div><div id=\"envira-gallery-item-9186\" class=\"envira-gallery-item enviratope-item envira-gallery-item-4 envira-lazy-load\" style=\"padding-left: 5px; padding-bottom: 10px; padding-right: 5px;\"  itemscope itemtype=\"https:\/\/schema.org\/ImageObject\"><div class=\"envira-gallery-item-inner\"><div class=\"envira-gallery-position-overlay  envira-gallery-top-left\"><\/div><div class=\"envira-gallery-position-overlay  envira-gallery-top-right\"><\/div><div class=\"envira-gallery-position-overlay  envira-gallery-bottom-left\"><\/div><div class=\"envira-gallery-position-overlay  envira-gallery-bottom-right\"><\/div><a href=\"https:\/\/www.radanskaruza.rs\/wp-content\/uploads\/2019\/04\/DSCN6660.jpg\" class=\"envira-gallery-9223 envira-gallery-link\" rel=\"enviragallery9223\" title=\"Poklon Radanske ru\u017ee \u017eenama koje su se porodile u poslednjem kvartalu 2018. godine\" data-envira-caption=\"Poklon Radanske ru\u017ee \u017eenama koje su se porodile u poslednjem kvartalu 2018. godine\" data-envira-retina=\"\" data-thumbnail=\"\"  itemprop=\"contentUrl\"><div class=\"envira-lazy\" data-test-width=\"640\" data-test-height=\"480\" style=\"padding-bottom:75%;\"><img decoding=\"async\" id=\"envira-gallery-image-9186\" class=\"envira-gallery-image envira-gallery-image-4\" data-envira-index=\"4\" src=\"https:\/\/www.radanskaruza.rs\/wp-content\/uploads\/2019\/04\/DSCN6660-640x480.jpg\" data-envira-src=\"https:\/\/www.radanskaruza.rs\/wp-content\/uploads\/2019\/04\/DSCN6660-640x480.jpg\" data-envira-gallery-id=\"9223\" data-envira-item-id=\"9186\" data-envira-caption=\"Poklon Radanske ru\u017ee \u017eenama koje su se porodile u poslednjem kvartalu 2018. godine\" alt=\"\" title=\"Poklon Radanske ru\u017ee \u017eenama koje su se porodile u poslednjem kvartalu 2018. godine\"  itemprop=\"thumbnailUrl\" data-envira-srcset=\"https:\/\/www.radanskaruza.rs\/wp-content\/uploads\/2019\/04\/DSCN6660-640x480.jpg 400w,https:\/\/www.radanskaruza.rs\/wp-content\/uploads\/2019\/04\/DSCN6660-640x480.jpg 2x\" srcset=\"data:image\/gif;base64,R0lGODlhAQABAIAAAP\/\/\/\/\/\/\/yH5BAEKAAEALAAAAAABAAEAAAICTAEAOw==\" \/><\/div><\/a><\/div><\/div><div id=\"envira-gallery-item-9197\" class=\"envira-gallery-item enviratope-item envira-gallery-item-5 envira-lazy-load\" style=\"padding-left: 5px; padding-bottom: 10px; padding-right: 5px;\"  itemscope itemtype=\"https:\/\/schema.org\/ImageObject\"><div class=\"envira-gallery-item-inner\"><div class=\"envira-gallery-position-overlay  envira-gallery-top-left\"><\/div><div class=\"envira-gallery-position-overlay  envira-gallery-top-right\"><\/div><div class=\"envira-gallery-position-overlay  envira-gallery-bottom-left\"><\/div><div class=\"envira-gallery-position-overlay  envira-gallery-bottom-right\"><\/div><a href=\"https:\/\/www.radanskaruza.rs\/wp-content\/uploads\/2019\/04\/DSCN6678.jpg\" class=\"envira-gallery-9223 envira-gallery-link\" rel=\"enviragallery9223\" title=\"Poklon Radanske ru\u017ee \u017eenama koje su se porodile u poslednjem kvartalu 2018. godine\" data-envira-caption=\"Poklon Radanske ru\u017ee \u017eenama koje su se porodile u poslednjem kvartalu 2018. godine\" data-envira-retina=\"\" data-thumbnail=\"\"  itemprop=\"contentUrl\"><div class=\"envira-lazy\" data-test-width=\"640\" data-test-height=\"480\" style=\"padding-bottom:75%;\"><img decoding=\"async\" id=\"envira-gallery-image-9197\" class=\"envira-gallery-image envira-gallery-image-5\" data-envira-index=\"5\" src=\"https:\/\/www.radanskaruza.rs\/wp-content\/uploads\/2019\/04\/DSCN6678-640x480.jpg\" data-envira-src=\"https:\/\/www.radanskaruza.rs\/wp-content\/uploads\/2019\/04\/DSCN6678-640x480.jpg\" data-envira-gallery-id=\"9223\" data-envira-item-id=\"9197\" data-envira-caption=\"Poklon Radanske ru\u017ee \u017eenama koje su se porodile u poslednjem kvartalu 2018. godine\" alt=\"\" title=\"Poklon Radanske ru\u017ee \u017eenama koje su se porodile u poslednjem kvartalu 2018. godine\"  itemprop=\"thumbnailUrl\" data-envira-srcset=\"https:\/\/www.radanskaruza.rs\/wp-content\/uploads\/2019\/04\/DSCN6678-640x480.jpg 400w,https:\/\/www.radanskaruza.rs\/wp-content\/uploads\/2019\/04\/DSCN6678-640x480.jpg 2x\" srcset=\"data:image\/gif;base64,R0lGODlhAQABAIAAAP\/\/\/\/\/\/\/yH5BAEKAAEALAAAAAABAAEAAAICTAEAOw==\" \/><\/div><\/a><\/div><\/div><div id=\"envira-gallery-item-9194\" class=\"envira-gallery-item enviratope-item envira-gallery-item-6 envira-lazy-load\" style=\"padding-left: 5px; padding-bottom: 10px; padding-right: 5px;\"  itemscope itemtype=\"https:\/\/schema.org\/ImageObject\"><div class=\"envira-gallery-item-inner\"><div class=\"envira-gallery-position-overlay  envira-gallery-top-left\"><\/div><div class=\"envira-gallery-position-overlay  envira-gallery-top-right\"><\/div><div class=\"envira-gallery-position-overlay  envira-gallery-bottom-left\"><\/div><div class=\"envira-gallery-position-overlay  envira-gallery-bottom-right\"><\/div><a href=\"https:\/\/www.radanskaruza.rs\/wp-content\/uploads\/2019\/04\/DSCN6677.jpg\" class=\"envira-gallery-9223 envira-gallery-link\" rel=\"enviragallery9223\" title=\"Poklon Radanske ru\u017ee \u017eenama koje su se porodile u poslednjem kvartalu 2018. godine\" data-envira-caption=\"Poklon Radanske ru\u017ee \u017eenama koje su se porodile u poslednjem kvartalu 2018. godine\" data-envira-retina=\"\" data-thumbnail=\"\"  itemprop=\"contentUrl\"><div class=\"envira-lazy\" data-test-width=\"640\" data-test-height=\"480\" style=\"padding-bottom:75%;\"><img decoding=\"async\" id=\"envira-gallery-image-9194\" class=\"envira-gallery-image envira-gallery-image-6\" data-envira-index=\"6\" src=\"https:\/\/www.radanskaruza.rs\/wp-content\/uploads\/2019\/04\/DSCN6677-640x480.jpg\" data-envira-src=\"https:\/\/www.radanskaruza.rs\/wp-content\/uploads\/2019\/04\/DSCN6677-640x480.jpg\" data-envira-gallery-id=\"9223\" data-envira-item-id=\"9194\" data-envira-caption=\"Poklon Radanske ru\u017ee \u017eenama koje su se porodile u poslednjem kvartalu 2018. godine\" alt=\"\" title=\"Poklon Radanske ru\u017ee \u017eenama koje su se porodile u poslednjem kvartalu 2018. godine\"  itemprop=\"thumbnailUrl\" data-envira-srcset=\"https:\/\/www.radanskaruza.rs\/wp-content\/uploads\/2019\/04\/DSCN6677-640x480.jpg 400w,https:\/\/www.radanskaruza.rs\/wp-content\/uploads\/2019\/04\/DSCN6677-640x480.jpg 2x\" srcset=\"data:image\/gif;base64,R0lGODlhAQABAIAAAP\/\/\/\/\/\/\/yH5BAEKAAEALAAAAAABAAEAAAICTAEAOw==\" \/><\/div><\/a><\/div><\/div><\/div><\/div><noscript><img decoding=\"async\" src=\"https:\/\/www.radanskaruza.rs\/wp-content\/uploads\/2019\/04\/DSCN6676.jpg\" alt=\"\" \/><img decoding=\"async\" src=\"https:\/\/www.radanskaruza.rs\/wp-content\/uploads\/2019\/04\/DSCN6674.jpg\" alt=\"\" \/><img decoding=\"async\" src=\"https:\/\/www.radanskaruza.rs\/wp-content\/uploads\/2019\/04\/DSCN6664.jpg\" alt=\"\" \/><img decoding=\"async\" src=\"https:\/\/www.radanskaruza.rs\/wp-content\/uploads\/2019\/04\/DSCN6660.jpg\" alt=\"\" \/><img decoding=\"async\" src=\"https:\/\/www.radanskaruza.rs\/wp-content\/uploads\/2019\/04\/DSCN6678.jpg\" alt=\"\" \/><img decoding=\"async\" src=\"https:\/\/www.radanskaruza.rs\/wp-content\/uploads\/2019\/04\/DSCN6677.jpg\" alt=\"\" \/><\/noscript>\n","protected":false},"excerpt":{"rendered":"<p>LEBANE \u2013 Povodom sve\u010danog zavr\u0161etka javnih radova u Lebanu, u prostorijama Socijalnog udru\u017eenja Radanska Ru\u017ea, lebanske porodilje dobile su na poklon paket proizvoda Socijalnog preduze\u0107a Radanska RU\u017dA i pamu\u010dne pelene koje su ura\u0111ene u radionici udru\u017eenja. Vrednost pojedina\u010dnog paketa je oko 3.500 dinara, a ukupna vrednost svih paketa je oko 180.000 dinara.<\/p>\n","protected":false},"author":1,"featured_media":9185,"comment_status":"open","ping_status":"open","sticky":false,"template":"","format":"standard","meta":{"footnotes":""},"categories":[189],"tags":[],"class_list":["post-9179","post","type-post","status-publish","format-standard","has-post-thumbnail","hentry","category-drustveno-odgovorna-poslovanja-en"],"_links":{"self":[{"href":"https:\/\/www.radanskaruza.rs\/en\/wp-json\/wp\/v2\/posts\/9179","targetHints":{"allow":["GET"]}}],"collection":[{"href":"https:\/\/www.radanskaruza.rs\/en\/wp-json\/wp\/v2\/posts"}],"about":[{"href":"https:\/\/www.radanskaruza.rs\/en\/wp-json\/wp\/v2\/types\/post"}],"author":[{"embeddable":true,"href":"https:\/\/www.radanskaruza.rs\/en\/wp-json\/wp\/v2\/users\/1"}],"replies":[{"embeddable":true,"href":"https:\/\/www.radanskaruza.rs\/en\/wp-json\/wp\/v2\/comments?post=9179"}],"version-history":[{"count":18,"href":"https:\/\/www.radanskaruza.rs\/en\/wp-json\/wp\/v2\/posts\/9179\/revisions"}],"predecessor-version":[{"id":9227,"href":"https:\/\/www.radanskaruza.rs\/en\/wp-json\/wp\/v2\/posts\/9179\/revisions\/9227"}],"wp:featuredmedia":[{"embeddable":true,"href":"https:\/\/www.radanskaruza.rs\/en\/wp-json\/wp\/v2\/media\/9185"}],"wp:attachment":[{"href":"https:\/\/www.radanskaruza.rs\/en\/wp-json\/wp\/v2\/media?parent=9179"}],"wp:term":[{"taxonomy":"category","embeddable":true,"href":"https:\/\/www.radanskaruza.rs\/en\/wp-json\/wp\/v2\/categories?post=9179"},{"taxonomy":"post_tag","embeddable":true,"href":"https:\/\/www.radanskaruza.rs\/en\/wp-json\/wp\/v2\/tags?post=9179"}],"curies":[{"name":"wp","href":"https:\/\/api.w.org\/{rel}","templated":true}]}}